{"id":12840,"date":"2026-08-12T15:45:39","date_gmt":"2026-08-12T13:45:39","guid":{"rendered":"https:\/\/erik-marquardt.eu\/?p=12840"},"modified":"2026-09-04T16:21:33","modified_gmt":"2026-09-04T14:21:33","slug":"eu-migrationspolitik-ceuta","status":"publish","type":"post","link":"https:\/\/erik-marquardt.eu\/en\/eu-migrationspolitik-ceuta\/","title":{"rendered":"FR: Erb\u00e4rmliche Debatte nach Trag\u00f6die in Ceuta"},"content":{"rendered":"<p class=\"wp-block-paragraph\"><a href=\"https:\/\/www.fr.de\/politik\/soll-aufhoeren-menschen-anzuluegen-erbaermliche-ceuta-debatte-weber-zr-94430790.html\" data-type=\"link\" data-id=\"https:\/\/www.fr.de\/politik\/soll-aufhoeren-menschen-anzuluegen-erbaermliche-ceuta-debatte-weber-zr-94430790.html\">Im Interview mit der Frankfurter Rundschau<\/a> kritisiere ich die panischen Reaktionen europ\u00e4ischer Politiker auf die Ereignisse in Ceuta. Wilde Vorw\u00fcrfe und erb\u00e4rmliche Debatten \u00fcber  die Zahl der ankommenden Menschen sind ein Armutszeugnis. Statt nach dem Tod Dutzender Jugendlicher sofort eine neue \u201eMigrationskrise\u201c auszurufen, muss die EU untersuchen, wer mit der Situation geopolitischen Druck aus\u00fcben wollte. Au\u00dferdem braucht es robuste Abkommen und vern\u00fcftige Migrationskontingente um solche Trag\u00f6dien zu verhindern. <br><br><\/p>\n\n\n\n<p class=\"wp-block-paragraph\"><\/p>","protected":false},"excerpt":{"rendered":"<p>Im Interview mit der Frankfurter Rundschau kritisiere ich die panischen Reaktionen europ\u00e4ischer Politiker auf die Ereignisse in Ceuta. Wilde Vorw\u00fcrfe und erb\u00e4rmliche Debatten \u00fcber die Zahl der ankommenden Menschen sind ein Armutszeugnis. Statt nach dem Tod Dutzender Jugendlicher sofort eine neue \u201eMigrationskrise\u201c auszurufen, muss die EU untersuchen, wer mit der Situation geopolitischen Druck aus\u00fcben wollte. &hellip;<\/p>","protected":false},"author":2,"featured_media":12849,"comment_status":"closed","ping_status":"closed","sticky":false,"template":"","format":"standard","meta":{"_FSMCFIC_featured_image_caption":"","_FSMCFIC_featured_image_nocaption":"","_FSMCFIC_featured_image_hide":"","_jetpack_newsletter_access":"","_jetpack_dont_email_post_to_subs":false,"_jetpack_newsletter_tier_id":0,"_jetpack_memberships_contains_paywalled_content":false,"_jetpack_memberships_contains_paid_content":false,"footnotes":""},"categories":[7,96],"tags":[],"class_list":["post-12840","post","type-post","status-publish","format-standard","has-post-thumbnail","hentry","category-presse","category-pressespiegel","with-featured-image"],"yoast_head":"<!-- This site is optimized with the Yoast SEO plugin v28.4 - https:\/\/yoast.com\/product\/yoast-seo-wordpress\/ -->\n<title>FR: Erb\u00e4rmliche Debatte nach Trag\u00f6die in Ceuta - Erik Marquardt<\/title>\n<meta name=\"description\" content=\"Erik Marquardt kritisiert die panischen Reaktionen und EVP-Chef Manfred Weber f\u00fcr dessen Forderung nach mehr Frontex-Befugnissen nach den Ereignissen in Ceuta.\u201c\" \/>\n<meta name=\"robots\" content=\"index, follow, max-snippet:-1, max-image-preview:large, max-video-preview:-1\" \/>\n<link rel=\"canonical\" href=\"https:\/\/erik-marquardt.eu\/en\/eu-migrationspolitik-ceuta\/\" \/>\n<meta property=\"og:locale\" content=\"en_GB\" \/>\n<meta property=\"og:type\" content=\"article\" \/>\n<meta property=\"og:title\" content=\"FR: Erb\u00e4rmliche Debatte nach Trag\u00f6die in Ceuta - Erik Marquardt\" \/>\n<meta property=\"og:description\" content=\"Erik Marquardt kritisiert die panischen Reaktionen und EVP-Chef Manfred Weber f\u00fcr dessen Forderung nach mehr Frontex-Befugnissen nach den Ereignissen in Ceuta.\u201c\" \/>\n<meta property=\"og:url\" content=\"https:\/\/erik-marquardt.eu\/en\/eu-migrationspolitik-ceuta\/\" \/>\n<meta property=\"og:site_name\" content=\"Erik Marquardt\" \/>\n<meta property=\"article:published_time\" content=\"2026-08-12T13:45:39+00:00\" \/>\n<meta property=\"article:modified_time\" content=\"2026-09-04T14:21:33+00:00\" \/>\n<meta property=\"og:image\" content=\"http:\/\/erik-marquardt.eu\/wp-content\/uploads\/2026\/09\/FR-Ceuta-2.jpg\" \/>\n\t<meta property=\"og:image:width\" content=\"526\" \/>\n\t<meta property=\"og:image:height\" content=\"788\" \/>\n\t<meta property=\"og:image:type\" content=\"image\/jpeg\" \/>\n<meta name=\"author\" content=\"Erik Marquardt\" \/>\n<meta name=\"twitter:card\" content=\"summary_large_image\" \/>\n<meta name=\"twitter:label1\" content=\"Written by\" \/>\n\t<meta name=\"twitter:data1\" content=\"Erik Marquardt\" \/>\n\t<meta name=\"twitter:label2\" content=\"Estimated reading time\" \/>\n\t<meta name=\"twitter:data2\" content=\"1 minute\" \/>\n<script type=\"application\/ld+json\" class=\"yoast-schema-graph\">{\"@context\":\"https:\\\/\\\/schema.org\",\"@graph\":[{\"@type\":\"Article\",\"@id\":\"https:\\\/\\\/erik-marquardt.eu\\\/eu-migrationspolitik-ceuta\\\/#article\",\"isPartOf\":{\"@id\":\"https:\\\/\\\/erik-marquardt.eu\\\/eu-migrationspolitik-ceuta\\\/\"},\"author\":{\"name\":\"Erik Marquardt\",\"@id\":\"https:\\\/\\\/erik-marquardt.eu\\\/en\\\/#\\\/schema\\\/person\\\/ae6a90f9433e208a6be9ba844e6cff23\"},\"headline\":\"FR: Erb\u00e4rmliche Debatte nach Trag\u00f6die in Ceuta\",\"datePublished\":\"2026-08-12T13:45:39+00:00\",\"dateModified\":\"2026-09-04T14:21:33+00:00\",\"mainEntityOfPage\":{\"@id\":\"https:\\\/\\\/erik-marquardt.eu\\\/eu-migrationspolitik-ceuta\\\/\"},\"wordCount\":84,\"publisher\":{\"@id\":\"https:\\\/\\\/erik-marquardt.eu\\\/en\\\/#\\\/schema\\\/person\\\/ae6a90f9433e208a6be9ba844e6cff23\"},\"image\":{\"@id\":\"https:\\\/\\\/erik-marquardt.eu\\\/eu-migrationspolitik-ceuta\\\/#primaryimage\"},\"thumbnailUrl\":\"https:\\\/\\\/erik-marquardt.eu\\\/wp-content\\\/uploads\\\/2026\\\/09\\\/FR-Ceuta-2.jpg\",\"articleSection\":[\"Presse\",\"Pressespiegel\"],\"inLanguage\":\"en-GB\"},{\"@type\":\"WebPage\",\"@id\":\"https:\\\/\\\/erik-marquardt.eu\\\/eu-migrationspolitik-ceuta\\\/\",\"url\":\"https:\\\/\\\/erik-marquardt.eu\\\/eu-migrationspolitik-ceuta\\\/\",\"name\":\"FR: Erb\u00e4rmliche Debatte nach Trag\u00f6die in Ceuta - Erik Marquardt\",\"isPartOf\":{\"@id\":\"https:\\\/\\\/erik-marquardt.eu\\\/en\\\/#website\"},\"primaryImageOfPage\":{\"@id\":\"https:\\\/\\\/erik-marquardt.eu\\\/eu-migrationspolitik-ceuta\\\/#primaryimage\"},\"image\":{\"@id\":\"https:\\\/\\\/erik-marquardt.eu\\\/eu-migrationspolitik-ceuta\\\/#primaryimage\"},\"thumbnailUrl\":\"https:\\\/\\\/erik-marquardt.eu\\\/wp-content\\\/uploads\\\/2026\\\/09\\\/FR-Ceuta-2.jpg\",\"datePublished\":\"2026-08-12T13:45:39+00:00\",\"dateModified\":\"2026-09-04T14:21:33+00:00\",\"description\":\"Erik Marquardt kritisiert die panischen Reaktionen und EVP-Chef Manfred Weber f\u00fcr dessen Forderung nach mehr Frontex-Befugnissen nach den Ereignissen in Ceuta.\u201c\",\"breadcrumb\":{\"@id\":\"https:\\\/\\\/erik-marquardt.eu\\\/eu-migrationspolitik-ceuta\\\/#breadcrumb\"},\"inLanguage\":\"en-GB\",\"potentialAction\":[{\"@type\":\"ReadAction\",\"target\":[\"https:\\\/\\\/erik-marquardt.eu\\\/eu-migrationspolitik-ceuta\\\/\"]}]},{\"@type\":\"ImageObject\",\"inLanguage\":\"en-GB\",\"@id\":\"https:\\\/\\\/erik-marquardt.eu\\\/eu-migrationspolitik-ceuta\\\/#primaryimage\",\"url\":\"https:\\\/\\\/erik-marquardt.eu\\\/wp-content\\\/uploads\\\/2026\\\/09\\\/FR-Ceuta-2.jpg\",\"contentUrl\":\"https:\\\/\\\/erik-marquardt.eu\\\/wp-content\\\/uploads\\\/2026\\\/09\\\/FR-Ceuta-2.jpg\",\"width\":526,\"height\":788},{\"@type\":\"BreadcrumbList\",\"@id\":\"https:\\\/\\\/erik-marquardt.eu\\\/eu-migrationspolitik-ceuta\\\/#breadcrumb\",\"itemListElement\":[{\"@type\":\"ListItem\",\"position\":1,\"name\":\"Startseite\",\"item\":\"https:\\\/\\\/erik-marquardt.eu\\\/en\\\/\"},{\"@type\":\"ListItem\",\"position\":2,\"name\":\"FR: Erb\u00e4rmliche Debatte nach Trag\u00f6die in Ceuta\"}]},{\"@type\":\"WebSite\",\"@id\":\"https:\\\/\\\/erik-marquardt.eu\\\/en\\\/#website\",\"url\":\"https:\\\/\\\/erik-marquardt.eu\\\/en\\\/\",\"name\":\"Erik Marquardt\",\"description\":\"Mitglied des Europ\u00e4ischen Parlaments \",\"publisher\":{\"@id\":\"https:\\\/\\\/erik-marquardt.eu\\\/en\\\/#\\\/schema\\\/person\\\/ae6a90f9433e208a6be9ba844e6cff23\"},\"potentialAction\":[{\"@type\":\"SearchAction\",\"target\":{\"@type\":\"EntryPoint\",\"urlTemplate\":\"https:\\\/\\\/erik-marquardt.eu\\\/en\\\/?s={search_term_string}\"},\"query-input\":{\"@type\":\"PropertyValueSpecification\",\"valueRequired\":true,\"valueName\":\"search_term_string\"}}],\"inLanguage\":\"en-GB\"},{\"@type\":[\"Person\",\"Organization\"],\"@id\":\"https:\\\/\\\/erik-marquardt.eu\\\/en\\\/#\\\/schema\\\/person\\\/ae6a90f9433e208a6be9ba844e6cff23\",\"name\":\"Erik Marquardt\",\"image\":{\"@type\":\"ImageObject\",\"inLanguage\":\"en-GB\",\"@id\":\"https:\\\/\\\/erik-marquardt.eu\\\/wp-content\\\/uploads\\\/2025\\\/12\\\/erik-markquardt_combined-logo_same-size.svg\",\"url\":\"https:\\\/\\\/erik-marquardt.eu\\\/wp-content\\\/uploads\\\/2025\\\/12\\\/erik-markquardt_combined-logo_same-size.svg\",\"contentUrl\":\"https:\\\/\\\/erik-marquardt.eu\\\/wp-content\\\/uploads\\\/2025\\\/12\\\/erik-markquardt_combined-logo_same-size.svg\",\"width\":370,\"height\":123,\"caption\":\"Erik Marquardt\"},\"logo\":{\"@id\":\"https:\\\/\\\/erik-marquardt.eu\\\/wp-content\\\/uploads\\\/2025\\\/12\\\/erik-markquardt_combined-logo_same-size.svg\"}}]}<\/script>\n<!-- \/ Yoast SEO plugin. -->","yoast_head_json":{"title":"FR: Erb\u00e4rmliche Debatte nach Trag\u00f6die in Ceuta - Erik Marquardt","description":"Erik Marquardt kritisiert die panischen Reaktionen und EVP-Chef Manfred Weber f\u00fcr dessen Forderung nach mehr Frontex-Befugnissen nach den Ereignissen in Ceuta.\u201c","robots":{"index":"index","follow":"follow","max-snippet":"max-snippet:-1","max-image-preview":"max-image-preview:large","max-video-preview":"max-video-preview:-1"},"canonical":"https:\/\/erik-marquardt.eu\/en\/eu-migrationspolitik-ceuta\/","og_locale":"en_GB","og_type":"article","og_title":"FR: Erb\u00e4rmliche Debatte nach Trag\u00f6die in Ceuta - Erik Marquardt","og_description":"Erik Marquardt kritisiert die panischen Reaktionen und EVP-Chef Manfred Weber f\u00fcr dessen Forderung nach mehr Frontex-Befugnissen nach den Ereignissen in Ceuta.\u201c","og_url":"https:\/\/erik-marquardt.eu\/en\/eu-migrationspolitik-ceuta\/","og_site_name":"Erik Marquardt","article_published_time":"2026-08-12T13:45:39+00:00","article_modified_time":"2026-09-04T14:21:33+00:00","og_image":[{"width":526,"height":788,"url":"http:\/\/erik-marquardt.eu\/wp-content\/uploads\/2026\/09\/FR-Ceuta-2.jpg","type":"image\/jpeg"}],"author":"Erik Marquardt","twitter_card":"summary_large_image","twitter_misc":{"Written by":"Erik Marquardt","Estimated reading time":"1 minute"},"schema":{"@context":"https:\/\/schema.org","@graph":[{"@type":"Article","@id":"https:\/\/erik-marquardt.eu\/eu-migrationspolitik-ceuta\/#article","isPartOf":{"@id":"https:\/\/erik-marquardt.eu\/eu-migrationspolitik-ceuta\/"},"author":{"name":"Erik Marquardt","@id":"https:\/\/erik-marquardt.eu\/en\/#\/schema\/person\/ae6a90f9433e208a6be9ba844e6cff23"},"headline":"FR: Erb\u00e4rmliche Debatte nach Trag\u00f6die in Ceuta","datePublished":"2026-08-12T13:45:39+00:00","dateModified":"2026-09-04T14:21:33+00:00","mainEntityOfPage":{"@id":"https:\/\/erik-marquardt.eu\/eu-migrationspolitik-ceuta\/"},"wordCount":84,"publisher":{"@id":"https:\/\/erik-marquardt.eu\/en\/#\/schema\/person\/ae6a90f9433e208a6be9ba844e6cff23"},"image":{"@id":"https:\/\/erik-marquardt.eu\/eu-migrationspolitik-ceuta\/#primaryimage"},"thumbnailUrl":"https:\/\/erik-marquardt.eu\/wp-content\/uploads\/2026\/09\/FR-Ceuta-2.jpg","articleSection":["Presse","Pressespiegel"],"inLanguage":"en-GB"},{"@type":"WebPage","@id":"https:\/\/erik-marquardt.eu\/eu-migrationspolitik-ceuta\/","url":"https:\/\/erik-marquardt.eu\/eu-migrationspolitik-ceuta\/","name":"FR: Erb\u00e4rmliche Debatte nach Trag\u00f6die in Ceuta - Erik Marquardt","isPartOf":{"@id":"https:\/\/erik-marquardt.eu\/en\/#website"},"primaryImageOfPage":{"@id":"https:\/\/erik-marquardt.eu\/eu-migrationspolitik-ceuta\/#primaryimage"},"image":{"@id":"https:\/\/erik-marquardt.eu\/eu-migrationspolitik-ceuta\/#primaryimage"},"thumbnailUrl":"https:\/\/erik-marquardt.eu\/wp-content\/uploads\/2026\/09\/FR-Ceuta-2.jpg","datePublished":"2026-08-12T13:45:39+00:00","dateModified":"2026-09-04T14:21:33+00:00","description":"Erik Marquardt kritisiert die panischen Reaktionen und EVP-Chef Manfred Weber f\u00fcr dessen Forderung nach mehr Frontex-Befugnissen nach den Ereignissen in Ceuta.\u201c","breadcrumb":{"@id":"https:\/\/erik-marquardt.eu\/eu-migrationspolitik-ceuta\/#breadcrumb"},"inLanguage":"en-GB","potentialAction":[{"@type":"ReadAction","target":["https:\/\/erik-marquardt.eu\/eu-migrationspolitik-ceuta\/"]}]},{"@type":"ImageObject","inLanguage":"en-GB","@id":"https:\/\/erik-marquardt.eu\/eu-migrationspolitik-ceuta\/#primaryimage","url":"https:\/\/erik-marquardt.eu\/wp-content\/uploads\/2026\/09\/FR-Ceuta-2.jpg","contentUrl":"https:\/\/erik-marquardt.eu\/wp-content\/uploads\/2026\/09\/FR-Ceuta-2.jpg","width":526,"height":788},{"@type":"BreadcrumbList","@id":"https:\/\/erik-marquardt.eu\/eu-migrationspolitik-ceuta\/#breadcrumb","itemListElement":[{"@type":"ListItem","position":1,"name":"Startseite","item":"https:\/\/erik-marquardt.eu\/en\/"},{"@type":"ListItem","position":2,"name":"FR: Erb\u00e4rmliche Debatte nach Trag\u00f6die in Ceuta"}]},{"@type":"WebSite","@id":"https:\/\/erik-marquardt.eu\/en\/#website","url":"https:\/\/erik-marquardt.eu\/en\/","name":"Erik Marquardt","description":"Member of the European Parliament","publisher":{"@id":"https:\/\/erik-marquardt.eu\/en\/#\/schema\/person\/ae6a90f9433e208a6be9ba844e6cff23"},"potentialAction":[{"@type":"SearchAction","target":{"@type":"EntryPoint","urlTemplate":"https:\/\/erik-marquardt.eu\/en\/?s={search_term_string}"},"query-input":{"@type":"PropertyValueSpecification","valueRequired":true,"valueName":"search_term_string"}}],"inLanguage":"en-GB"},{"@type":["Person","Organization"],"@id":"https:\/\/erik-marquardt.eu\/en\/#\/schema\/person\/ae6a90f9433e208a6be9ba844e6cff23","name":"Erik Marquardt","image":{"@type":"ImageObject","inLanguage":"en-GB","@id":"https:\/\/erik-marquardt.eu\/wp-content\/uploads\/2025\/12\/erik-markquardt_combined-logo_same-size.svg","url":"https:\/\/erik-marquardt.eu\/wp-content\/uploads\/2025\/12\/erik-markquardt_combined-logo_same-size.svg","contentUrl":"https:\/\/erik-marquardt.eu\/wp-content\/uploads\/2025\/12\/erik-markquardt_combined-logo_same-size.svg","width":370,"height":123,"caption":"Erik Marquardt"},"logo":{"@id":"https:\/\/erik-marquardt.eu\/wp-content\/uploads\/2025\/12\/erik-markquardt_combined-logo_same-size.svg"}}]}},"featured_image_src":"https:\/\/erik-marquardt.eu\/wp-content\/uploads\/2026\/09\/FR-Ceuta-2-526x400.jpg","featured_image_src_square":"https:\/\/erik-marquardt.eu\/wp-content\/uploads\/2026\/09\/FR-Ceuta-2-526x600.jpg","author_info":{"display_name":"Erik Marquardt","author_link":"https:\/\/erik-marquardt.eu\/en\/author\/erik\/"},"jetpack_sharing_enabled":true,"jetpack_featured_media_url":"https:\/\/erik-marquardt.eu\/wp-content\/uploads\/2026\/09\/FR-Ceuta-2.jpg","_links":{"self":[{"href":"https:\/\/erik-marquardt.eu\/en\/wp-json\/wp\/v2\/posts\/12840","targetHints":{"allow":["GET"]}}],"collection":[{"href":"https:\/\/erik-marquardt.eu\/en\/wp-json\/wp\/v2\/posts"}],"about":[{"href":"https:\/\/erik-marquardt.eu\/en\/wp-json\/wp\/v2\/types\/post"}],"author":[{"embeddable":true,"href":"https:\/\/erik-marquardt.eu\/en\/wp-json\/wp\/v2\/users\/2"}],"replies":[{"embeddable":true,"href":"https:\/\/erik-marquardt.eu\/en\/wp-json\/wp\/v2\/comments?post=12840"}],"version-history":[{"count":2,"href":"https:\/\/erik-marquardt.eu\/en\/wp-json\/wp\/v2\/posts\/12840\/revisions"}],"predecessor-version":[{"id":12856,"href":"https:\/\/erik-marquardt.eu\/en\/wp-json\/wp\/v2\/posts\/12840\/revisions\/12856"}],"wp:featuredmedia":[{"embeddable":true,"href":"https:\/\/erik-marquardt.eu\/en\/wp-json\/wp\/v2\/media\/12849"}],"wp:attachment":[{"href":"https:\/\/erik-marquardt.eu\/en\/wp-json\/wp\/v2\/media?parent=12840"}],"wp:term":[{"taxonomy":"category","embeddable":true,"href":"https:\/\/erik-marquardt.eu\/en\/wp-json\/wp\/v2\/categories?post=12840"},{"taxonomy":"post_tag","embeddable":true,"href":"https:\/\/erik-marquardt.eu\/en\/wp-json\/wp\/v2\/tags?post=12840"}],"curies":[{"name":"wp","href":"https:\/\/api.w.org\/{rel}","templated":true}]}}