{"id":11409,"date":"2026-03-26T18:02:35","date_gmt":"2026-03-26T17:02:35","guid":{"rendered":"https:\/\/erik-marquardt.eu\/news-from-the-borders-26-03-2026\/"},"modified":"2026-03-26T18:02:35","modified_gmt":"2026-03-26T17:02:35","slug":"news-from-the-borders-26-03-2026","status":"publish","type":"post","link":"https:\/\/erik-marquardt.eu\/en\/news-from-the-borders-26-03-2026\/","title":{"rendered":"News from the Borders 26.03.2026"},"content":{"rendered":"<p><i class=\"emoji\"><b>\u25b6\ufe0f<\/b><\/i> Heute haben CDU\/CSU zusammen mit der AfD und anderen Rechtsextremen die EU-Abschiebeverordnung beschlossen, durch die auch Kinder inhaftiert und in Haftlager in Drittstaaten abgeschoben werden k\u00f6nnen. <br \/><a href=\"https:\/\/erik-marquardt.eu\/en\/pm-eu-rueckfuehrungsverordnung-evp-stimmt-fuer-kompromisse-mit-der-afd-und-anderen-rechtsextremen\/\" target=\"_blank\" rel=\"noopener\"><i class=\"emoji\"><b>\u2796<\/b><\/i>Zu unserer PM<\/a> <\/p>\n<p><i class=\"emoji\"><b>\u25b6\ufe0f<\/b><\/i> Obwohl in Afghanistan Terroristen regieren und Krieg mit Pakistan herrscht, hat die deutsche Bundesregierung zwei afghanische Gefl\u00fcchtete nach Afghanistan abgeschoben.<br \/><a href=\"https:\/\/www.infomigrants.net\/en\/post\/70541\/germany-deports-two-more-convicted-afghan-nationals\" target=\"_blank\" rel=\"noopener\"><i class=\"emoji\"><b>\u2796<\/b><\/i>Info Migrants berichtet (en) <\/a><\/p>\n<p><i class=\"emoji\"><b>\u25b6\ufe0f<\/b><\/i> Durch das Migrationsabkommen zwischen Gro\u00dfbritannien und Frankreich ertrinken offenbar mehr Schutzsuchende bei der Flucht \u00fcber den \u00c4rmelkanal. Das liegt vor allem daran, dass sie noch gef\u00e4hrlichere Routen und Boote w\u00e4hlen m\u00fcssen, w\u00e4hrend die Polizei deutlich brutaler gegen Fliehende vorgeht.<br \/><a href=\"https:\/\/www.independent.co.uk\/news\/uk\/home-news\/deaths-small-boat-migrants-channel-france-uk-b2939535.html\" target=\"_blank\" rel=\"noopener\"><i class=\"emoji\"><b>\u2796<\/b><\/i>Mehr dazu hier (en)<\/a><\/p>","protected":false},"excerpt":{"rendered":"<p>\u25b6\ufe0f Heute haben CDU\/CSU zusammen mit der AfD und anderen Rechtsextremen die EU-Abschiebeverordnung beschlossen, durch die auch Kinder inhaftiert und in Haftlager in Drittstaaten abgeschoben werden k\u00f6nnen. \u2796Zu unserer PM \u25b6\ufe0f Obwohl in Afghanistan Terroristen regieren und Krieg mit Pakistan herrscht, hat die deutsche Bundesregierung zwei afghanische Gefl\u00fcchtete nach Afghanistan abgeschoben.\u2796Info Migrants berichtet (en) \u25b6\ufe0f &hellip;<\/p>","protected":false},"author":2,"featured_media":284,"comment_status":"closed","ping_status":"closed","sticky":false,"template":"","format":"standard","meta":{"_FSMCFIC_featured_image_caption":"","_FSMCFIC_featured_image_nocaption":"","_FSMCFIC_featured_image_hide":"","_jetpack_memberships_contains_paid_content":false,"footnotes":""},"categories":[116],"tags":[],"class_list":{"0":"post-11409","1":"post","2":"type-post","3":"status-publish","4":"format-standard","5":"has-post-thumbnail","6":"hentry","7":"category-news-from-the-borders","9":"with-featured-image"},"yoast_head":"<!-- This site is optimized with the Yoast SEO plugin v27.4 - https:\/\/yoast.com\/product\/yoast-seo-wordpress\/ -->\n<title>News from the Borders 26.03.2026 - Erik Marquardt<\/title>\n<meta name=\"robots\" content=\"index, follow, max-snippet:-1, max-image-preview:large, max-video-preview:-1\" \/>\n<link rel=\"canonical\" href=\"https:\/\/erik-marquardt.eu\/en\/news-from-the-borders-26-03-2026\/\" \/>\n<meta property=\"og:locale\" content=\"en_GB\" \/>\n<meta property=\"og:type\" content=\"article\" \/>\n<meta property=\"og:title\" content=\"News from the Borders 26.03.2026 - Erik Marquardt\" \/>\n<meta property=\"og:description\" content=\"\u25b6\ufe0f Heute haben CDU\/CSU zusammen mit der AfD und anderen Rechtsextremen die EU-Abschiebeverordnung beschlossen, durch die auch Kinder inhaftiert und in Haftlager in Drittstaaten abgeschoben werden k\u00f6nnen. \u2796Zu unserer PM \u25b6\ufe0f Obwohl in Afghanistan Terroristen regieren und Krieg mit Pakistan herrscht, hat die deutsche Bundesregierung zwei afghanische Gefl\u00fcchtete nach Afghanistan abgeschoben.\u2796Info Migrants berichtet (en) \u25b6\ufe0f &hellip;\" \/>\n<meta property=\"og:url\" content=\"https:\/\/erik-marquardt.eu\/en\/news-from-the-borders-26-03-2026\/\" \/>\n<meta property=\"og:site_name\" content=\"Erik Marquardt\" \/>\n<meta property=\"article:published_time\" content=\"2026-03-26T17:02:35+00:00\" \/>\n<meta property=\"og:image\" content=\"https:\/\/erik-marquardt.eu\/wp-content\/uploads\/2017\/12\/Balkanroute2015-7985.jpg\" \/>\n\t<meta property=\"og:image:width\" content=\"1860\" \/>\n\t<meta property=\"og:image:height\" content=\"1240\" \/>\n\t<meta property=\"og:image:type\" content=\"image\/jpeg\" \/>\n<meta name=\"author\" content=\"Erik Marquardt\" \/>\n<meta name=\"twitter:card\" content=\"summary_large_image\" \/>\n<meta name=\"twitter:label1\" content=\"Written by\" \/>\n\t<meta name=\"twitter:data1\" content=\"Erik Marquardt\" \/>\n\t<meta name=\"twitter:label2\" content=\"Estimated reading time\" \/>\n\t<meta name=\"twitter:data2\" content=\"1 minute\" \/>\n<script type=\"application\/ld+json\" class=\"yoast-schema-graph\">{\"@context\":\"https:\\\/\\\/schema.org\",\"@graph\":[{\"@type\":\"Article\",\"@id\":\"https:\\\/\\\/erik-marquardt.eu\\\/news-from-the-borders-26-03-2026\\\/#article\",\"isPartOf\":{\"@id\":\"https:\\\/\\\/erik-marquardt.eu\\\/news-from-the-borders-26-03-2026\\\/\"},\"author\":{\"name\":\"Erik Marquardt\",\"@id\":\"https:\\\/\\\/erik-marquardt.eu\\\/#\\\/schema\\\/person\\\/ae6a90f9433e208a6be9ba844e6cff23\"},\"headline\":\"News from the Borders 26.03.2026\",\"datePublished\":\"2026-03-26T17:02:35+00:00\",\"mainEntityOfPage\":{\"@id\":\"https:\\\/\\\/erik-marquardt.eu\\\/news-from-the-borders-26-03-2026\\\/\"},\"wordCount\":108,\"publisher\":{\"@id\":\"https:\\\/\\\/erik-marquardt.eu\\\/#\\\/schema\\\/person\\\/ae6a90f9433e208a6be9ba844e6cff23\"},\"image\":{\"@id\":\"https:\\\/\\\/erik-marquardt.eu\\\/news-from-the-borders-26-03-2026\\\/#primaryimage\"},\"thumbnailUrl\":\"https:\\\/\\\/erik-marquardt.eu\\\/wp-content\\\/uploads\\\/2017\\\/12\\\/Balkanroute2015-7985.jpg\",\"articleSection\":[\"News from the Borders\"],\"inLanguage\":\"en-GB\"},{\"@type\":\"WebPage\",\"@id\":\"https:\\\/\\\/erik-marquardt.eu\\\/news-from-the-borders-26-03-2026\\\/\",\"url\":\"https:\\\/\\\/erik-marquardt.eu\\\/news-from-the-borders-26-03-2026\\\/\",\"name\":\"News from the Borders 26.03.2026 - Erik Marquardt\",\"isPartOf\":{\"@id\":\"https:\\\/\\\/erik-marquardt.eu\\\/#website\"},\"primaryImageOfPage\":{\"@id\":\"https:\\\/\\\/erik-marquardt.eu\\\/news-from-the-borders-26-03-2026\\\/#primaryimage\"},\"image\":{\"@id\":\"https:\\\/\\\/erik-marquardt.eu\\\/news-from-the-borders-26-03-2026\\\/#primaryimage\"},\"thumbnailUrl\":\"https:\\\/\\\/erik-marquardt.eu\\\/wp-content\\\/uploads\\\/2017\\\/12\\\/Balkanroute2015-7985.jpg\",\"datePublished\":\"2026-03-26T17:02:35+00:00\",\"breadcrumb\":{\"@id\":\"https:\\\/\\\/erik-marquardt.eu\\\/news-from-the-borders-26-03-2026\\\/#breadcrumb\"},\"inLanguage\":\"en-GB\",\"potentialAction\":[{\"@type\":\"ReadAction\",\"target\":[\"https:\\\/\\\/erik-marquardt.eu\\\/news-from-the-borders-26-03-2026\\\/\"]}]},{\"@type\":\"ImageObject\",\"inLanguage\":\"en-GB\",\"@id\":\"https:\\\/\\\/erik-marquardt.eu\\\/news-from-the-borders-26-03-2026\\\/#primaryimage\",\"url\":\"https:\\\/\\\/erik-marquardt.eu\\\/wp-content\\\/uploads\\\/2017\\\/12\\\/Balkanroute2015-7985.jpg\",\"contentUrl\":\"https:\\\/\\\/erik-marquardt.eu\\\/wp-content\\\/uploads\\\/2017\\\/12\\\/Balkanroute2015-7985.jpg\",\"width\":1860,\"height\":1240,\"caption\":\"Foto: Erik Marquardt\"},{\"@type\":\"BreadcrumbList\",\"@id\":\"https:\\\/\\\/erik-marquardt.eu\\\/news-from-the-borders-26-03-2026\\\/#breadcrumb\",\"itemListElement\":[{\"@type\":\"ListItem\",\"position\":1,\"name\":\"Startseite\",\"item\":\"https:\\\/\\\/erik-marquardt.eu\\\/\"},{\"@type\":\"ListItem\",\"position\":2,\"name\":\"News from the Borders 26.03.2026\"}]},{\"@type\":\"WebSite\",\"@id\":\"https:\\\/\\\/erik-marquardt.eu\\\/#website\",\"url\":\"https:\\\/\\\/erik-marquardt.eu\\\/\",\"name\":\"Erik Marquardt\",\"description\":\"Mitglied des Europ\u00e4ischen Parlaments \",\"publisher\":{\"@id\":\"https:\\\/\\\/erik-marquardt.eu\\\/#\\\/schema\\\/person\\\/ae6a90f9433e208a6be9ba844e6cff23\"},\"potentialAction\":[{\"@type\":\"SearchAction\",\"target\":{\"@type\":\"EntryPoint\",\"urlTemplate\":\"https:\\\/\\\/erik-marquardt.eu\\\/?s={search_term_string}\"},\"query-input\":{\"@type\":\"PropertyValueSpecification\",\"valueRequired\":true,\"valueName\":\"search_term_string\"}}],\"inLanguage\":\"en-GB\"},{\"@type\":[\"Person\",\"Organization\"],\"@id\":\"https:\\\/\\\/erik-marquardt.eu\\\/#\\\/schema\\\/person\\\/ae6a90f9433e208a6be9ba844e6cff23\",\"name\":\"Erik Marquardt\",\"image\":{\"@type\":\"ImageObject\",\"inLanguage\":\"en-GB\",\"@id\":\"https:\\\/\\\/erik-marquardt.eu\\\/wp-content\\\/uploads\\\/2025\\\/12\\\/erik-markquardt_combined-logo_same-size.svg\",\"url\":\"https:\\\/\\\/erik-marquardt.eu\\\/wp-content\\\/uploads\\\/2025\\\/12\\\/erik-markquardt_combined-logo_same-size.svg\",\"contentUrl\":\"https:\\\/\\\/erik-marquardt.eu\\\/wp-content\\\/uploads\\\/2025\\\/12\\\/erik-markquardt_combined-logo_same-size.svg\",\"width\":370,\"height\":123,\"caption\":\"Erik Marquardt\"},\"logo\":{\"@id\":\"https:\\\/\\\/erik-marquardt.eu\\\/wp-content\\\/uploads\\\/2025\\\/12\\\/erik-markquardt_combined-logo_same-size.svg\"}}]}<\/script>\n<!-- \/ Yoast SEO plugin. -->","yoast_head_json":{"title":"News from the Borders 26.03.2026 - Erik Marquardt","robots":{"index":"index","follow":"follow","max-snippet":"max-snippet:-1","max-image-preview":"max-image-preview:large","max-video-preview":"max-video-preview:-1"},"canonical":"https:\/\/erik-marquardt.eu\/en\/news-from-the-borders-26-03-2026\/","og_locale":"en_GB","og_type":"article","og_title":"News from the Borders 26.03.2026 - Erik Marquardt","og_description":"\u25b6\ufe0f Heute haben CDU\/CSU zusammen mit der AfD und anderen Rechtsextremen die EU-Abschiebeverordnung beschlossen, durch die auch Kinder inhaftiert und in Haftlager in Drittstaaten abgeschoben werden k\u00f6nnen. \u2796Zu unserer PM \u25b6\ufe0f Obwohl in Afghanistan Terroristen regieren und Krieg mit Pakistan herrscht, hat die deutsche Bundesregierung zwei afghanische Gefl\u00fcchtete nach Afghanistan abgeschoben.\u2796Info Migrants berichtet (en) \u25b6\ufe0f &hellip;","og_url":"https:\/\/erik-marquardt.eu\/en\/news-from-the-borders-26-03-2026\/","og_site_name":"Erik Marquardt","article_published_time":"2026-03-26T17:02:35+00:00","og_image":[{"width":1860,"height":1240,"url":"https:\/\/erik-marquardt.eu\/wp-content\/uploads\/2017\/12\/Balkanroute2015-7985.jpg","type":"image\/jpeg"}],"author":"Erik Marquardt","twitter_card":"summary_large_image","twitter_misc":{"Written by":"Erik Marquardt","Estimated reading time":"1 minute"},"schema":{"@context":"https:\/\/schema.org","@graph":[{"@type":"Article","@id":"https:\/\/erik-marquardt.eu\/news-from-the-borders-26-03-2026\/#article","isPartOf":{"@id":"https:\/\/erik-marquardt.eu\/news-from-the-borders-26-03-2026\/"},"author":{"name":"Erik Marquardt","@id":"https:\/\/erik-marquardt.eu\/#\/schema\/person\/ae6a90f9433e208a6be9ba844e6cff23"},"headline":"News from the Borders 26.03.2026","datePublished":"2026-03-26T17:02:35+00:00","mainEntityOfPage":{"@id":"https:\/\/erik-marquardt.eu\/news-from-the-borders-26-03-2026\/"},"wordCount":108,"publisher":{"@id":"https:\/\/erik-marquardt.eu\/#\/schema\/person\/ae6a90f9433e208a6be9ba844e6cff23"},"image":{"@id":"https:\/\/erik-marquardt.eu\/news-from-the-borders-26-03-2026\/#primaryimage"},"thumbnailUrl":"https:\/\/erik-marquardt.eu\/wp-content\/uploads\/2017\/12\/Balkanroute2015-7985.jpg","articleSection":["News from the Borders"],"inLanguage":"en-GB"},{"@type":"WebPage","@id":"https:\/\/erik-marquardt.eu\/news-from-the-borders-26-03-2026\/","url":"https:\/\/erik-marquardt.eu\/news-from-the-borders-26-03-2026\/","name":"News from the Borders 26.03.2026 - Erik Marquardt","isPartOf":{"@id":"https:\/\/erik-marquardt.eu\/#website"},"primaryImageOfPage":{"@id":"https:\/\/erik-marquardt.eu\/news-from-the-borders-26-03-2026\/#primaryimage"},"image":{"@id":"https:\/\/erik-marquardt.eu\/news-from-the-borders-26-03-2026\/#primaryimage"},"thumbnailUrl":"https:\/\/erik-marquardt.eu\/wp-content\/uploads\/2017\/12\/Balkanroute2015-7985.jpg","datePublished":"2026-03-26T17:02:35+00:00","breadcrumb":{"@id":"https:\/\/erik-marquardt.eu\/news-from-the-borders-26-03-2026\/#breadcrumb"},"inLanguage":"en-GB","potentialAction":[{"@type":"ReadAction","target":["https:\/\/erik-marquardt.eu\/news-from-the-borders-26-03-2026\/"]}]},{"@type":"ImageObject","inLanguage":"en-GB","@id":"https:\/\/erik-marquardt.eu\/news-from-the-borders-26-03-2026\/#primaryimage","url":"https:\/\/erik-marquardt.eu\/wp-content\/uploads\/2017\/12\/Balkanroute2015-7985.jpg","contentUrl":"https:\/\/erik-marquardt.eu\/wp-content\/uploads\/2017\/12\/Balkanroute2015-7985.jpg","width":1860,"height":1240,"caption":"Foto: Erik Marquardt"},{"@type":"BreadcrumbList","@id":"https:\/\/erik-marquardt.eu\/news-from-the-borders-26-03-2026\/#breadcrumb","itemListElement":[{"@type":"ListItem","position":1,"name":"Startseite","item":"https:\/\/erik-marquardt.eu\/"},{"@type":"ListItem","position":2,"name":"News from the Borders 26.03.2026"}]},{"@type":"WebSite","@id":"https:\/\/erik-marquardt.eu\/#website","url":"https:\/\/erik-marquardt.eu\/","name":"Erik Marquardt","description":"Member of the European Parliament","publisher":{"@id":"https:\/\/erik-marquardt.eu\/#\/schema\/person\/ae6a90f9433e208a6be9ba844e6cff23"},"potentialAction":[{"@type":"SearchAction","target":{"@type":"EntryPoint","urlTemplate":"https:\/\/erik-marquardt.eu\/?s={search_term_string}"},"query-input":{"@type":"PropertyValueSpecification","valueRequired":true,"valueName":"search_term_string"}}],"inLanguage":"en-GB"},{"@type":["Person","Organization"],"@id":"https:\/\/erik-marquardt.eu\/#\/schema\/person\/ae6a90f9433e208a6be9ba844e6cff23","name":"Erik Marquardt","image":{"@type":"ImageObject","inLanguage":"en-GB","@id":"https:\/\/erik-marquardt.eu\/wp-content\/uploads\/2025\/12\/erik-markquardt_combined-logo_same-size.svg","url":"https:\/\/erik-marquardt.eu\/wp-content\/uploads\/2025\/12\/erik-markquardt_combined-logo_same-size.svg","contentUrl":"https:\/\/erik-marquardt.eu\/wp-content\/uploads\/2025\/12\/erik-markquardt_combined-logo_same-size.svg","width":370,"height":123,"caption":"Erik Marquardt"},"logo":{"@id":"https:\/\/erik-marquardt.eu\/wp-content\/uploads\/2025\/12\/erik-markquardt_combined-logo_same-size.svg"}}]}},"featured_image_src":"https:\/\/erik-marquardt.eu\/wp-content\/uploads\/2017\/12\/Balkanroute2015-7985.jpg","featured_image_src_square":"https:\/\/erik-marquardt.eu\/wp-content\/uploads\/2017\/12\/Balkanroute2015-7985.jpg","author_info":{"display_name":"Erik Marquardt","author_link":"https:\/\/erik-marquardt.eu\/en\/author\/erik\/"},"jetpack_featured_media_url":"https:\/\/erik-marquardt.eu\/wp-content\/uploads\/2017\/12\/Balkanroute2015-7985.jpg","jetpack_sharing_enabled":true,"_links":{"self":[{"href":"https:\/\/erik-marquardt.eu\/en\/wp-json\/wp\/v2\/posts\/11409","targetHints":{"allow":["GET"]}}],"collection":[{"href":"https:\/\/erik-marquardt.eu\/en\/wp-json\/wp\/v2\/posts"}],"about":[{"href":"https:\/\/erik-marquardt.eu\/en\/wp-json\/wp\/v2\/types\/post"}],"author":[{"embeddable":true,"href":"https:\/\/erik-marquardt.eu\/en\/wp-json\/wp\/v2\/users\/2"}],"replies":[{"embeddable":true,"href":"https:\/\/erik-marquardt.eu\/en\/wp-json\/wp\/v2\/comments?post=11409"}],"version-history":[{"count":0,"href":"https:\/\/erik-marquardt.eu\/en\/wp-json\/wp\/v2\/posts\/11409\/revisions"}],"wp:featuredmedia":[{"embeddable":true,"href":"https:\/\/erik-marquardt.eu\/en\/wp-json\/wp\/v2\/media\/284"}],"wp:attachment":[{"href":"https:\/\/erik-marquardt.eu\/en\/wp-json\/wp\/v2\/media?parent=11409"}],"wp:term":[{"taxonomy":"category","embeddable":true,"href":"https:\/\/erik-marquardt.eu\/en\/wp-json\/wp\/v2\/categories?post=11409"},{"taxonomy":"post_tag","embeddable":true,"href":"https:\/\/erik-marquardt.eu\/en\/wp-json\/wp\/v2\/tags?post=11409"}],"curies":[{"name":"wp","href":"https:\/\/api.w.org\/{rel}","templated":true}]}}