{"id":7399,"date":"2025-03-11T16:48:27","date_gmt":"2025-03-11T15:48:27","guid":{"rendered":"https:\/\/erik-marquardt.eu\/?p=7399"},"modified":"2025-03-12T17:02:40","modified_gmt":"2025-03-12T16:02:40","slug":"ndr-kommissionsvorschlag-ist-ausverkauf-der-menschenrechte","status":"publish","type":"post","link":"http:\/\/erik-marquardt.eu\/en\/ndr-kommissionsvorschlag-ist-ausverkauf-der-menschenrechte\/","title":{"rendered":"NDR: Kommissionsvorschlag ist \u201cAusverkauf der Menschenrechte\u201d"},"content":{"rendered":"<p>Laut Kommissionsvorschlag f\u00fcr eine R\u00fcckf\u00fchrungsverordnung sollen EU-Mitgliedstaaten ihre Verantwortung f\u00fcr Asylsuchende an Drittstaaten auslagern. Dass andere unsere humanit\u00e4ren Verpflichtungen \u00fcbernehmen, ist aber unrealistisch und gef\u00e4hrdet grundlegende Menschenrechtsstandards. <a href=\"https:\/\/www.ndr.de\/nachrichten\/info\/Marquardt-Gruene-zu-EU-Abschiebeplan-Ausverkauf-der-Menschenrechte,audio1831448.html\">Im NDR durfte ich erkl\u00e4ren<\/a>, warum wir lieber selbst Verantwortung \u00fcbernehmen sollten \u2013 insbesondere bei wichtigen Aufgaben wie der Integration.<\/p>","protected":false},"excerpt":{"rendered":"<p>Laut Kommissionsvorschlag f\u00fcr eine R\u00fcckf\u00fchrungsverordnung sollen EU-Mitgliedstaaten ihre Verantwortung f\u00fcr Asylsuchende an Drittstaaten auslagern. Dass andere unsere humanit\u00e4ren Verpflichtungen \u00fcbernehmen, ist aber unrealistisch und gef\u00e4hrdet grundlegende Menschenrechtsstandards. Im NDR durfte ich erkl\u00e4ren, warum wir lieber selbst Verantwortung \u00fcbernehmen sollten \u2013 insbesondere bei wichtigen Aufgaben wie der Integration.<\/p>","protected":false},"author":2,"featured_media":7400,"comment_status":"closed","ping_status":"closed","sticky":false,"template":"","format":"standard","meta":{"_FSMCFIC_featured_image_caption":"","_FSMCFIC_featured_image_nocaption":"","_FSMCFIC_featured_image_hide":"","_jetpack_memberships_contains_paid_content":false,"footnotes":""},"categories":[7,96],"tags":[],"class_list":{"0":"post-7399","1":"post","2":"type-post","3":"status-publish","4":"format-standard","5":"has-post-thumbnail","6":"hentry","7":"category-presse","8":"category-pressespiegel","10":"with-featured-image"},"yoast_head":"<!-- This site is optimized with the Yoast SEO plugin v27.5 - https:\/\/yoast.com\/product\/yoast-seo-wordpress\/ -->\n<title>NDR: Kommissionsvorschlag ist \u201cAusverkauf der Menschenrechte\u201d - Erik Marquardt<\/title>\n<meta name=\"description\" content=\"Die Kommission will die Verantwortung f\u00fcr Asylsuchende an Drittstaaten auslagern, die h\u00e4ufig nicht einmal demokratische Standards erf\u00fcllen.\" \/>\n<meta name=\"robots\" content=\"index, follow, max-snippet:-1, max-image-preview:large, max-video-preview:-1\" \/>\n<link rel=\"canonical\" href=\"https:\/\/erik-marquardt.eu\/en\/ndr-kommissionsvorschlag-ist-ausverkauf-der-menschenrechte\/\" \/>\n<meta property=\"og:locale\" content=\"en_GB\" \/>\n<meta property=\"og:type\" content=\"article\" \/>\n<meta property=\"og:title\" content=\"NDR: Kommissionsvorschlag ist \u201cAusverkauf der Menschenrechte\u201d - Erik Marquardt\" \/>\n<meta property=\"og:description\" content=\"Die Kommission will die Verantwortung f\u00fcr Asylsuchende an Drittstaaten auslagern, die h\u00e4ufig nicht einmal demokratische Standards erf\u00fcllen.\" \/>\n<meta property=\"og:url\" content=\"https:\/\/erik-marquardt.eu\/en\/ndr-kommissionsvorschlag-ist-ausverkauf-der-menschenrechte\/\" \/>\n<meta property=\"og:site_name\" content=\"Erik Marquardt\" \/>\n<meta property=\"article:published_time\" content=\"2025-03-11T15:48:27+00:00\" \/>\n<meta property=\"article:modified_time\" content=\"2025-03-12T16:02:40+00:00\" \/>\n<meta property=\"og:image\" content=\"https:\/\/erik-marquardt.eu\/wp-content\/uploads\/2025\/03\/Pressespiegel-Returns-1-NDR-e1741795004763.png\" \/>\n\t<meta property=\"og:image:width\" content=\"900\" \/>\n\t<meta property=\"og:image:height\" content=\"511\" \/>\n\t<meta property=\"og:image:type\" content=\"image\/png\" \/>\n<meta name=\"author\" content=\"Erik Marquardt\" \/>\n<meta name=\"twitter:card\" content=\"summary_large_image\" \/>\n<meta name=\"twitter:label1\" content=\"Written by\" \/>\n\t<meta name=\"twitter:data1\" content=\"Erik Marquardt\" \/>\n\t<meta name=\"twitter:label2\" content=\"Estimated reading time\" \/>\n\t<meta name=\"twitter:data2\" content=\"1 minute\" \/>\n<script type=\"application\/ld+json\" class=\"yoast-schema-graph\">{\"@context\":\"https:\\\/\\\/schema.org\",\"@graph\":[{\"@type\":\"Article\",\"@id\":\"https:\\\/\\\/erik-marquardt.eu\\\/ndr-kommissionsvorschlag-ist-ausverkauf-der-menschenrechte\\\/#article\",\"isPartOf\":{\"@id\":\"https:\\\/\\\/erik-marquardt.eu\\\/ndr-kommissionsvorschlag-ist-ausverkauf-der-menschenrechte\\\/\"},\"author\":{\"name\":\"Erik Marquardt\",\"@id\":\"https:\\\/\\\/erik-marquardt.eu\\\/en\\\/#\\\/schema\\\/person\\\/ae6a90f9433e208a6be9ba844e6cff23\"},\"headline\":\"NDR: Kommissionsvorschlag ist \u201cAusverkauf der Menschenrechte\u201d\",\"datePublished\":\"2025-03-11T15:48:27+00:00\",\"dateModified\":\"2025-03-12T16:02:40+00:00\",\"mainEntityOfPage\":{\"@id\":\"https:\\\/\\\/erik-marquardt.eu\\\/ndr-kommissionsvorschlag-ist-ausverkauf-der-menschenrechte\\\/\"},\"wordCount\":59,\"publisher\":{\"@id\":\"https:\\\/\\\/erik-marquardt.eu\\\/en\\\/#\\\/schema\\\/person\\\/ae6a90f9433e208a6be9ba844e6cff23\"},\"image\":{\"@id\":\"https:\\\/\\\/erik-marquardt.eu\\\/ndr-kommissionsvorschlag-ist-ausverkauf-der-menschenrechte\\\/#primaryimage\"},\"thumbnailUrl\":\"http:\\\/\\\/erik-marquardt.eu\\\/wp-content\\\/uploads\\\/2025\\\/03\\\/Pressespiegel-Returns-1-NDR-e1741795004763.png\",\"articleSection\":[\"Presse\",\"Pressespiegel\"],\"inLanguage\":\"en-GB\"},{\"@type\":\"WebPage\",\"@id\":\"https:\\\/\\\/erik-marquardt.eu\\\/ndr-kommissionsvorschlag-ist-ausverkauf-der-menschenrechte\\\/\",\"url\":\"https:\\\/\\\/erik-marquardt.eu\\\/ndr-kommissionsvorschlag-ist-ausverkauf-der-menschenrechte\\\/\",\"name\":\"NDR: Kommissionsvorschlag ist \u201cAusverkauf der Menschenrechte\u201d - Erik Marquardt\",\"isPartOf\":{\"@id\":\"https:\\\/\\\/erik-marquardt.eu\\\/en\\\/#website\"},\"primaryImageOfPage\":{\"@id\":\"https:\\\/\\\/erik-marquardt.eu\\\/ndr-kommissionsvorschlag-ist-ausverkauf-der-menschenrechte\\\/#primaryimage\"},\"image\":{\"@id\":\"https:\\\/\\\/erik-marquardt.eu\\\/ndr-kommissionsvorschlag-ist-ausverkauf-der-menschenrechte\\\/#primaryimage\"},\"thumbnailUrl\":\"http:\\\/\\\/erik-marquardt.eu\\\/wp-content\\\/uploads\\\/2025\\\/03\\\/Pressespiegel-Returns-1-NDR-e1741795004763.png\",\"datePublished\":\"2025-03-11T15:48:27+00:00\",\"dateModified\":\"2025-03-12T16:02:40+00:00\",\"description\":\"Die Kommission will die Verantwortung f\u00fcr Asylsuchende an Drittstaaten auslagern, die h\u00e4ufig nicht einmal demokratische Standards erf\u00fcllen.\",\"breadcrumb\":{\"@id\":\"https:\\\/\\\/erik-marquardt.eu\\\/ndr-kommissionsvorschlag-ist-ausverkauf-der-menschenrechte\\\/#breadcrumb\"},\"inLanguage\":\"en-GB\",\"potentialAction\":[{\"@type\":\"ReadAction\",\"target\":[\"https:\\\/\\\/erik-marquardt.eu\\\/ndr-kommissionsvorschlag-ist-ausverkauf-der-menschenrechte\\\/\"]}]},{\"@type\":\"ImageObject\",\"inLanguage\":\"en-GB\",\"@id\":\"https:\\\/\\\/erik-marquardt.eu\\\/ndr-kommissionsvorschlag-ist-ausverkauf-der-menschenrechte\\\/#primaryimage\",\"url\":\"http:\\\/\\\/erik-marquardt.eu\\\/wp-content\\\/uploads\\\/2025\\\/03\\\/Pressespiegel-Returns-1-NDR-e1741795004763.png\",\"contentUrl\":\"http:\\\/\\\/erik-marquardt.eu\\\/wp-content\\\/uploads\\\/2025\\\/03\\\/Pressespiegel-Returns-1-NDR-e1741795004763.png\",\"width\":900,\"height\":511},{\"@type\":\"BreadcrumbList\",\"@id\":\"https:\\\/\\\/erik-marquardt.eu\\\/ndr-kommissionsvorschlag-ist-ausverkauf-der-menschenrechte\\\/#breadcrumb\",\"itemListElement\":[{\"@type\":\"ListItem\",\"position\":1,\"name\":\"Startseite\",\"item\":\"https:\\\/\\\/erik-marquardt.eu\\\/en\\\/\"},{\"@type\":\"ListItem\",\"position\":2,\"name\":\"NDR: Kommissionsvorschlag ist \u201cAusverkauf der Menschenrechte\u201d\"}]},{\"@type\":\"WebSite\",\"@id\":\"https:\\\/\\\/erik-marquardt.eu\\\/en\\\/#website\",\"url\":\"https:\\\/\\\/erik-marquardt.eu\\\/en\\\/\",\"name\":\"Erik Marquardt\",\"description\":\"Mitglied des Europ\u00e4ischen Parlaments \",\"publisher\":{\"@id\":\"https:\\\/\\\/erik-marquardt.eu\\\/en\\\/#\\\/schema\\\/person\\\/ae6a90f9433e208a6be9ba844e6cff23\"},\"potentialAction\":[{\"@type\":\"SearchAction\",\"target\":{\"@type\":\"EntryPoint\",\"urlTemplate\":\"https:\\\/\\\/erik-marquardt.eu\\\/en\\\/?s={search_term_string}\"},\"query-input\":{\"@type\":\"PropertyValueSpecification\",\"valueRequired\":true,\"valueName\":\"search_term_string\"}}],\"inLanguage\":\"en-GB\"},{\"@type\":[\"Person\",\"Organization\"],\"@id\":\"https:\\\/\\\/erik-marquardt.eu\\\/en\\\/#\\\/schema\\\/person\\\/ae6a90f9433e208a6be9ba844e6cff23\",\"name\":\"Erik Marquardt\",\"image\":{\"@type\":\"ImageObject\",\"inLanguage\":\"en-GB\",\"@id\":\"http:\\\/\\\/erik-marquardt.eu\\\/wp-content\\\/uploads\\\/2025\\\/12\\\/erik-markquardt_combined-logo_same-size.svg\",\"url\":\"http:\\\/\\\/erik-marquardt.eu\\\/wp-content\\\/uploads\\\/2025\\\/12\\\/erik-markquardt_combined-logo_same-size.svg\",\"contentUrl\":\"http:\\\/\\\/erik-marquardt.eu\\\/wp-content\\\/uploads\\\/2025\\\/12\\\/erik-markquardt_combined-logo_same-size.svg\",\"width\":370,\"height\":123,\"caption\":\"Erik Marquardt\"},\"logo\":{\"@id\":\"http:\\\/\\\/erik-marquardt.eu\\\/wp-content\\\/uploads\\\/2025\\\/12\\\/erik-markquardt_combined-logo_same-size.svg\"}}]}<\/script>\n<!-- \/ Yoast SEO plugin. -->","yoast_head_json":{"title":"NDR: Kommissionsvorschlag ist \u201cAusverkauf der Menschenrechte\u201d - Erik Marquardt","description":"Die Kommission will die Verantwortung f\u00fcr Asylsuchende an Drittstaaten auslagern, die h\u00e4ufig nicht einmal demokratische Standards erf\u00fcllen.","robots":{"index":"index","follow":"follow","max-snippet":"max-snippet:-1","max-image-preview":"max-image-preview:large","max-video-preview":"max-video-preview:-1"},"canonical":"https:\/\/erik-marquardt.eu\/en\/ndr-kommissionsvorschlag-ist-ausverkauf-der-menschenrechte\/","og_locale":"en_GB","og_type":"article","og_title":"NDR: Kommissionsvorschlag ist \u201cAusverkauf der Menschenrechte\u201d - Erik Marquardt","og_description":"Die Kommission will die Verantwortung f\u00fcr Asylsuchende an Drittstaaten auslagern, die h\u00e4ufig nicht einmal demokratische Standards erf\u00fcllen.","og_url":"https:\/\/erik-marquardt.eu\/en\/ndr-kommissionsvorschlag-ist-ausverkauf-der-menschenrechte\/","og_site_name":"Erik Marquardt","article_published_time":"2025-03-11T15:48:27+00:00","article_modified_time":"2025-03-12T16:02:40+00:00","og_image":[{"width":900,"height":511,"url":"https:\/\/erik-marquardt.eu\/wp-content\/uploads\/2025\/03\/Pressespiegel-Returns-1-NDR-e1741795004763.png","type":"image\/png"}],"author":"Erik Marquardt","twitter_card":"summary_large_image","twitter_misc":{"Written by":"Erik Marquardt","Estimated reading time":"1 minute"},"schema":{"@context":"https:\/\/schema.org","@graph":[{"@type":"Article","@id":"https:\/\/erik-marquardt.eu\/ndr-kommissionsvorschlag-ist-ausverkauf-der-menschenrechte\/#article","isPartOf":{"@id":"https:\/\/erik-marquardt.eu\/ndr-kommissionsvorschlag-ist-ausverkauf-der-menschenrechte\/"},"author":{"name":"Erik Marquardt","@id":"https:\/\/erik-marquardt.eu\/en\/#\/schema\/person\/ae6a90f9433e208a6be9ba844e6cff23"},"headline":"NDR: Kommissionsvorschlag ist \u201cAusverkauf der Menschenrechte\u201d","datePublished":"2025-03-11T15:48:27+00:00","dateModified":"2025-03-12T16:02:40+00:00","mainEntityOfPage":{"@id":"https:\/\/erik-marquardt.eu\/ndr-kommissionsvorschlag-ist-ausverkauf-der-menschenrechte\/"},"wordCount":59,"publisher":{"@id":"https:\/\/erik-marquardt.eu\/en\/#\/schema\/person\/ae6a90f9433e208a6be9ba844e6cff23"},"image":{"@id":"https:\/\/erik-marquardt.eu\/ndr-kommissionsvorschlag-ist-ausverkauf-der-menschenrechte\/#primaryimage"},"thumbnailUrl":"http:\/\/erik-marquardt.eu\/wp-content\/uploads\/2025\/03\/Pressespiegel-Returns-1-NDR-e1741795004763.png","articleSection":["Presse","Pressespiegel"],"inLanguage":"en-GB"},{"@type":"WebPage","@id":"https:\/\/erik-marquardt.eu\/ndr-kommissionsvorschlag-ist-ausverkauf-der-menschenrechte\/","url":"https:\/\/erik-marquardt.eu\/ndr-kommissionsvorschlag-ist-ausverkauf-der-menschenrechte\/","name":"NDR: Kommissionsvorschlag ist \u201cAusverkauf der Menschenrechte\u201d - Erik Marquardt","isPartOf":{"@id":"https:\/\/erik-marquardt.eu\/en\/#website"},"primaryImageOfPage":{"@id":"https:\/\/erik-marquardt.eu\/ndr-kommissionsvorschlag-ist-ausverkauf-der-menschenrechte\/#primaryimage"},"image":{"@id":"https:\/\/erik-marquardt.eu\/ndr-kommissionsvorschlag-ist-ausverkauf-der-menschenrechte\/#primaryimage"},"thumbnailUrl":"http:\/\/erik-marquardt.eu\/wp-content\/uploads\/2025\/03\/Pressespiegel-Returns-1-NDR-e1741795004763.png","datePublished":"2025-03-11T15:48:27+00:00","dateModified":"2025-03-12T16:02:40+00:00","description":"Die Kommission will die Verantwortung f\u00fcr Asylsuchende an Drittstaaten auslagern, die h\u00e4ufig nicht einmal demokratische Standards erf\u00fcllen.","breadcrumb":{"@id":"https:\/\/erik-marquardt.eu\/ndr-kommissionsvorschlag-ist-ausverkauf-der-menschenrechte\/#breadcrumb"},"inLanguage":"en-GB","potentialAction":[{"@type":"ReadAction","target":["https:\/\/erik-marquardt.eu\/ndr-kommissionsvorschlag-ist-ausverkauf-der-menschenrechte\/"]}]},{"@type":"ImageObject","inLanguage":"en-GB","@id":"https:\/\/erik-marquardt.eu\/ndr-kommissionsvorschlag-ist-ausverkauf-der-menschenrechte\/#primaryimage","url":"http:\/\/erik-marquardt.eu\/wp-content\/uploads\/2025\/03\/Pressespiegel-Returns-1-NDR-e1741795004763.png","contentUrl":"http:\/\/erik-marquardt.eu\/wp-content\/uploads\/2025\/03\/Pressespiegel-Returns-1-NDR-e1741795004763.png","width":900,"height":511},{"@type":"BreadcrumbList","@id":"https:\/\/erik-marquardt.eu\/ndr-kommissionsvorschlag-ist-ausverkauf-der-menschenrechte\/#breadcrumb","itemListElement":[{"@type":"ListItem","position":1,"name":"Startseite","item":"https:\/\/erik-marquardt.eu\/en\/"},{"@type":"ListItem","position":2,"name":"NDR: Kommissionsvorschlag ist \u201cAusverkauf der Menschenrechte\u201d"}]},{"@type":"WebSite","@id":"https:\/\/erik-marquardt.eu\/en\/#website","url":"https:\/\/erik-marquardt.eu\/en\/","name":"Erik Marquardt","description":"Member of the European Parliament","publisher":{"@id":"https:\/\/erik-marquardt.eu\/en\/#\/schema\/person\/ae6a90f9433e208a6be9ba844e6cff23"},"potentialAction":[{"@type":"SearchAction","target":{"@type":"EntryPoint","urlTemplate":"https:\/\/erik-marquardt.eu\/en\/?s={search_term_string}"},"query-input":{"@type":"PropertyValueSpecification","valueRequired":true,"valueName":"search_term_string"}}],"inLanguage":"en-GB"},{"@type":["Person","Organization"],"@id":"https:\/\/erik-marquardt.eu\/en\/#\/schema\/person\/ae6a90f9433e208a6be9ba844e6cff23","name":"Erik Marquardt","image":{"@type":"ImageObject","inLanguage":"en-GB","@id":"http:\/\/erik-marquardt.eu\/wp-content\/uploads\/2025\/12\/erik-markquardt_combined-logo_same-size.svg","url":"http:\/\/erik-marquardt.eu\/wp-content\/uploads\/2025\/12\/erik-markquardt_combined-logo_same-size.svg","contentUrl":"http:\/\/erik-marquardt.eu\/wp-content\/uploads\/2025\/12\/erik-markquardt_combined-logo_same-size.svg","width":370,"height":123,"caption":"Erik Marquardt"},"logo":{"@id":"http:\/\/erik-marquardt.eu\/wp-content\/uploads\/2025\/12\/erik-markquardt_combined-logo_same-size.svg"}}]}},"featured_image_src":"http:\/\/erik-marquardt.eu\/wp-content\/uploads\/2025\/03\/Pressespiegel-Returns-1-NDR-e1741795004763-600x400.png","featured_image_src_square":"http:\/\/erik-marquardt.eu\/wp-content\/uploads\/2025\/03\/Pressespiegel-Returns-1-NDR-e1741795004763-600x511.png","author_info":{"display_name":"Erik Marquardt","author_link":"http:\/\/erik-marquardt.eu\/en\/author\/erik\/"},"jetpack_featured_media_url":"http:\/\/erik-marquardt.eu\/wp-content\/uploads\/2025\/03\/Pressespiegel-Returns-1-NDR-e1741795004763.png","jetpack_sharing_enabled":true,"_links":{"self":[{"href":"http:\/\/erik-marquardt.eu\/en\/wp-json\/wp\/v2\/posts\/7399","targetHints":{"allow":["GET"]}}],"collection":[{"href":"http:\/\/erik-marquardt.eu\/en\/wp-json\/wp\/v2\/posts"}],"about":[{"href":"http:\/\/erik-marquardt.eu\/en\/wp-json\/wp\/v2\/types\/post"}],"author":[{"embeddable":true,"href":"http:\/\/erik-marquardt.eu\/en\/wp-json\/wp\/v2\/users\/2"}],"replies":[{"embeddable":true,"href":"http:\/\/erik-marquardt.eu\/en\/wp-json\/wp\/v2\/comments?post=7399"}],"version-history":[{"count":0,"href":"http:\/\/erik-marquardt.eu\/en\/wp-json\/wp\/v2\/posts\/7399\/revisions"}],"wp:featuredmedia":[{"embeddable":true,"href":"http:\/\/erik-marquardt.eu\/en\/wp-json\/wp\/v2\/media\/7400"}],"wp:attachment":[{"href":"http:\/\/erik-marquardt.eu\/en\/wp-json\/wp\/v2\/media?parent=7399"}],"wp:term":[{"taxonomy":"category","embeddable":true,"href":"http:\/\/erik-marquardt.eu\/en\/wp-json\/wp\/v2\/categories?post=7399"},{"taxonomy":"post_tag","embeddable":true,"href":"http:\/\/erik-marquardt.eu\/en\/wp-json\/wp\/v2\/tags?post=7399"}],"curies":[{"name":"wp","href":"https:\/\/api.w.org\/{rel}","templated":true}]}}