{"id":10046,"date":"2024-04-19T09:00:00","date_gmt":"2024-04-19T07:00:00","guid":{"rendered":"https:\/\/erik-marquardt.eu\/?p=10046"},"modified":"2025-12-31T02:34:33","modified_gmt":"2025-12-31T01:34:33","slug":"news-from-the-borders-2024-04-19","status":"publish","type":"post","link":"http:\/\/erik-marquardt.eu\/en\/news-from-the-borders-2024-04-19\/","title":{"rendered":"News from the Borders 19.04.2024"},"content":{"rendered":"<ul class=\"wp-block-list\">\n<li>After more than five years, the court in Trapani has dropped the charges against the sea rescue crew of the Iuventa. This marks the end of years of unlawful criminalization of sea rescuers. <a href=\"https:\/\/taz.de\/Illegalisierte-Seenotrettung\/!6003040\/\">taz reports.<\/a><\/li>\n<\/ul>\n<ul class=\"wp-block-list\">\n<li>The European Court of Human Rights has ruled that the conditions in the Greek &#8222;hotspot &#8220;camps of Chios, Kos and Samos constitute inhuman or degrading treatment for three applicants. The ruling is also important with regard to the CEAS reform: it underlines the inalienability of human rights. <a href=\"https:\/\/twitter.com\/EqualRightsBB\/status\/1780954546636021830\">To the tweet from Equal Rights Beyond Borders.<\/a><\/li>\n<\/ul>\n<ul class=\"wp-block-list\">\n<li>After almost three years of legal proceedings, Berlin's Mitte District Court ruled that a police officer's question as to where the plaintiff \"actually\" came from constituted direct discrimination on the basis of ethnic origin and a racist ascription. This is the first time that the Berlin police have been convicted under the state anti-discrimination law. <a href=\"https:\/\/www.antidiskriminierung.org\/andere-pressemitteilungen\/2024\/4\/18\/pm-urteil-des-amtsgericht-mitte-die-frage-wo-kommst-du-wirklich-her-ist-diskriminierend\">To the press release of the German Anti-Discrimination Association.<\/a><\/li>\n<\/ul>","protected":false},"excerpt":{"rendered":"<p>Nach mehr als f\u00fcnf Jahren hat das Gericht in Trapani die Anklage gegen die Seenotrettungscrew der Iuventa fallen gelassen. Damit enden Jahre unrechtm\u00e4\u00dfiger Kriminalisierung von Seenotretter:innen. taz berichtet. Der Europ\u00e4ische Gerichtshof f\u00fcr Menschenrechte hat entschieden, dass die Zust\u00e4nde in den griechischen &#8222;Hotspot&#8220;-Lagern Chios, Kos und Samos f\u00fcr drei Kl\u00e4ger:innen eine unmenschliche oder erniedrigende Behandlung darstellen. &hellip;<\/p>","protected":false},"author":2,"featured_media":284,"comment_status":"closed","ping_status":"closed","sticky":false,"template":"","format":"standard","meta":{"_FSMCFIC_featured_image_caption":"","_FSMCFIC_featured_image_nocaption":"","_FSMCFIC_featured_image_hide":"","_jetpack_memberships_contains_paid_content":false,"footnotes":""},"categories":[116],"tags":[],"class_list":{"0":"post-10046","1":"post","2":"type-post","3":"status-publish","4":"format-standard","5":"has-post-thumbnail","6":"hentry","7":"category-news-from-the-borders","9":"with-featured-image"},"yoast_head":"<!-- This site is optimized with the Yoast SEO plugin v27.5 - https:\/\/yoast.com\/product\/yoast-seo-wordpress\/ -->\n<title>News from the Borders 19.04.2024 - Erik Marquardt<\/title>\n<meta name=\"robots\" content=\"index, follow, max-snippet:-1, max-image-preview:large, max-video-preview:-1\" \/>\n<link rel=\"canonical\" href=\"http:\/\/erik-marquardt.eu\/en\/news-from-the-borders-2024-04-19\/\" \/>\n<meta property=\"og:locale\" content=\"en_GB\" \/>\n<meta property=\"og:type\" content=\"article\" \/>\n<meta property=\"og:title\" content=\"News from the Borders 19.04.2024 - Erik Marquardt\" \/>\n<meta property=\"og:description\" content=\"Nach mehr als f\u00fcnf Jahren hat das Gericht in Trapani die Anklage gegen die Seenotrettungscrew der Iuventa fallen gelassen. Damit enden Jahre unrechtm\u00e4\u00dfiger Kriminalisierung von Seenotretter:innen. taz berichtet. Der Europ\u00e4ische Gerichtshof f\u00fcr Menschenrechte hat entschieden, dass die Zust\u00e4nde in den griechischen &#8222;Hotspot&#8220;-Lagern Chios, Kos und Samos f\u00fcr drei Kl\u00e4ger:innen eine unmenschliche oder erniedrigende Behandlung darstellen. &hellip;\" \/>\n<meta property=\"og:url\" content=\"http:\/\/erik-marquardt.eu\/en\/news-from-the-borders-2024-04-19\/\" \/>\n<meta property=\"og:site_name\" content=\"Erik Marquardt\" \/>\n<meta property=\"article:published_time\" content=\"2024-04-19T07:00:00+00:00\" \/>\n<meta property=\"article:modified_time\" content=\"2025-12-31T01:34:33+00:00\" \/>\n<meta property=\"og:image\" content=\"http:\/\/erik-marquardt.eu\/wp-content\/uploads\/2017\/12\/Balkanroute2015-7985.jpg\" \/>\n\t<meta property=\"og:image:width\" content=\"1860\" \/>\n\t<meta property=\"og:image:height\" content=\"1240\" \/>\n\t<meta property=\"og:image:type\" content=\"image\/jpeg\" \/>\n<meta name=\"author\" content=\"Erik Marquardt\" \/>\n<meta name=\"twitter:card\" content=\"summary_large_image\" \/>\n<meta name=\"twitter:label1\" content=\"Written by\" \/>\n\t<meta name=\"twitter:data1\" content=\"Erik Marquardt\" \/>\n\t<meta name=\"twitter:label2\" content=\"Estimated reading time\" \/>\n\t<meta name=\"twitter:data2\" content=\"1 minute\" \/>\n<script type=\"application\/ld+json\" class=\"yoast-schema-graph\">{\"@context\":\"https:\\\/\\\/schema.org\",\"@graph\":[{\"@type\":\"Article\",\"@id\":\"http:\\\/\\\/erik-marquardt.eu\\\/en\\\/news-from-the-borders-2024-04-19\\\/#article\",\"isPartOf\":{\"@id\":\"http:\\\/\\\/erik-marquardt.eu\\\/en\\\/news-from-the-borders-2024-04-19\\\/\"},\"author\":{\"name\":\"Erik Marquardt\",\"@id\":\"http:\\\/\\\/erik-marquardt.eu\\\/#\\\/schema\\\/person\\\/ae6a90f9433e208a6be9ba844e6cff23\"},\"headline\":\"News from the Borders 19.04.2024\",\"datePublished\":\"2024-04-19T07:00:00+00:00\",\"dateModified\":\"2025-12-31T01:34:33+00:00\",\"mainEntityOfPage\":{\"@id\":\"http:\\\/\\\/erik-marquardt.eu\\\/en\\\/news-from-the-borders-2024-04-19\\\/\"},\"wordCount\":146,\"publisher\":{\"@id\":\"http:\\\/\\\/erik-marquardt.eu\\\/#\\\/schema\\\/person\\\/ae6a90f9433e208a6be9ba844e6cff23\"},\"image\":{\"@id\":\"http:\\\/\\\/erik-marquardt.eu\\\/en\\\/news-from-the-borders-2024-04-19\\\/#primaryimage\"},\"thumbnailUrl\":\"http:\\\/\\\/erik-marquardt.eu\\\/wp-content\\\/uploads\\\/2017\\\/12\\\/Balkanroute2015-7985.jpg\",\"articleSection\":[\"News from the Borders\"],\"inLanguage\":\"en-GB\"},{\"@type\":\"WebPage\",\"@id\":\"http:\\\/\\\/erik-marquardt.eu\\\/en\\\/news-from-the-borders-2024-04-19\\\/\",\"url\":\"http:\\\/\\\/erik-marquardt.eu\\\/en\\\/news-from-the-borders-2024-04-19\\\/\",\"name\":\"News from the Borders 19.04.2024 - Erik Marquardt\",\"isPartOf\":{\"@id\":\"http:\\\/\\\/erik-marquardt.eu\\\/#website\"},\"primaryImageOfPage\":{\"@id\":\"http:\\\/\\\/erik-marquardt.eu\\\/en\\\/news-from-the-borders-2024-04-19\\\/#primaryimage\"},\"image\":{\"@id\":\"http:\\\/\\\/erik-marquardt.eu\\\/en\\\/news-from-the-borders-2024-04-19\\\/#primaryimage\"},\"thumbnailUrl\":\"http:\\\/\\\/erik-marquardt.eu\\\/wp-content\\\/uploads\\\/2017\\\/12\\\/Balkanroute2015-7985.jpg\",\"datePublished\":\"2024-04-19T07:00:00+00:00\",\"dateModified\":\"2025-12-31T01:34:33+00:00\",\"breadcrumb\":{\"@id\":\"http:\\\/\\\/erik-marquardt.eu\\\/en\\\/news-from-the-borders-2024-04-19\\\/#breadcrumb\"},\"inLanguage\":\"en-GB\",\"potentialAction\":[{\"@type\":\"ReadAction\",\"target\":[\"http:\\\/\\\/erik-marquardt.eu\\\/en\\\/news-from-the-borders-2024-04-19\\\/\"]}]},{\"@type\":\"ImageObject\",\"inLanguage\":\"en-GB\",\"@id\":\"http:\\\/\\\/erik-marquardt.eu\\\/en\\\/news-from-the-borders-2024-04-19\\\/#primaryimage\",\"url\":\"http:\\\/\\\/erik-marquardt.eu\\\/wp-content\\\/uploads\\\/2017\\\/12\\\/Balkanroute2015-7985.jpg\",\"contentUrl\":\"http:\\\/\\\/erik-marquardt.eu\\\/wp-content\\\/uploads\\\/2017\\\/12\\\/Balkanroute2015-7985.jpg\",\"width\":1860,\"height\":1240,\"caption\":\"Foto: Erik Marquardt\"},{\"@type\":\"BreadcrumbList\",\"@id\":\"http:\\\/\\\/erik-marquardt.eu\\\/en\\\/news-from-the-borders-2024-04-19\\\/#breadcrumb\",\"itemListElement\":[{\"@type\":\"ListItem\",\"position\":1,\"name\":\"Startseite\",\"item\":\"http:\\\/\\\/erik-marquardt.eu\\\/\"},{\"@type\":\"ListItem\",\"position\":2,\"name\":\"News from the Borders 19.04.2024\"}]},{\"@type\":\"WebSite\",\"@id\":\"http:\\\/\\\/erik-marquardt.eu\\\/#website\",\"url\":\"http:\\\/\\\/erik-marquardt.eu\\\/\",\"name\":\"Erik Marquardt\",\"description\":\"Mitglied des Europ\u00e4ischen Parlaments \",\"publisher\":{\"@id\":\"http:\\\/\\\/erik-marquardt.eu\\\/#\\\/schema\\\/person\\\/ae6a90f9433e208a6be9ba844e6cff23\"},\"potentialAction\":[{\"@type\":\"SearchAction\",\"target\":{\"@type\":\"EntryPoint\",\"urlTemplate\":\"http:\\\/\\\/erik-marquardt.eu\\\/?s={search_term_string}\"},\"query-input\":{\"@type\":\"PropertyValueSpecification\",\"valueRequired\":true,\"valueName\":\"search_term_string\"}}],\"inLanguage\":\"en-GB\"},{\"@type\":[\"Person\",\"Organization\"],\"@id\":\"http:\\\/\\\/erik-marquardt.eu\\\/#\\\/schema\\\/person\\\/ae6a90f9433e208a6be9ba844e6cff23\",\"name\":\"Erik Marquardt\",\"image\":{\"@type\":\"ImageObject\",\"inLanguage\":\"en-GB\",\"@id\":\"http:\\\/\\\/erik-marquardt.eu\\\/wp-content\\\/uploads\\\/2025\\\/12\\\/erik-markquardt_combined-logo_same-size.svg\",\"url\":\"http:\\\/\\\/erik-marquardt.eu\\\/wp-content\\\/uploads\\\/2025\\\/12\\\/erik-markquardt_combined-logo_same-size.svg\",\"contentUrl\":\"http:\\\/\\\/erik-marquardt.eu\\\/wp-content\\\/uploads\\\/2025\\\/12\\\/erik-markquardt_combined-logo_same-size.svg\",\"width\":370,\"height\":123,\"caption\":\"Erik Marquardt\"},\"logo\":{\"@id\":\"http:\\\/\\\/erik-marquardt.eu\\\/wp-content\\\/uploads\\\/2025\\\/12\\\/erik-markquardt_combined-logo_same-size.svg\"}}]}<\/script>\n<!-- \/ Yoast SEO plugin. -->","yoast_head_json":{"title":"News from the Borders 19.04.2024 - Erik Marquardt","robots":{"index":"index","follow":"follow","max-snippet":"max-snippet:-1","max-image-preview":"max-image-preview:large","max-video-preview":"max-video-preview:-1"},"canonical":"http:\/\/erik-marquardt.eu\/en\/news-from-the-borders-2024-04-19\/","og_locale":"en_GB","og_type":"article","og_title":"News from the Borders 19.04.2024 - Erik Marquardt","og_description":"Nach mehr als f\u00fcnf Jahren hat das Gericht in Trapani die Anklage gegen die Seenotrettungscrew der Iuventa fallen gelassen. Damit enden Jahre unrechtm\u00e4\u00dfiger Kriminalisierung von Seenotretter:innen. taz berichtet. Der Europ\u00e4ische Gerichtshof f\u00fcr Menschenrechte hat entschieden, dass die Zust\u00e4nde in den griechischen &#8222;Hotspot&#8220;-Lagern Chios, Kos und Samos f\u00fcr drei Kl\u00e4ger:innen eine unmenschliche oder erniedrigende Behandlung darstellen. &hellip;","og_url":"http:\/\/erik-marquardt.eu\/en\/news-from-the-borders-2024-04-19\/","og_site_name":"Erik Marquardt","article_published_time":"2024-04-19T07:00:00+00:00","article_modified_time":"2025-12-31T01:34:33+00:00","og_image":[{"width":1860,"height":1240,"url":"http:\/\/erik-marquardt.eu\/wp-content\/uploads\/2017\/12\/Balkanroute2015-7985.jpg","type":"image\/jpeg"}],"author":"Erik Marquardt","twitter_card":"summary_large_image","twitter_misc":{"Written by":"Erik Marquardt","Estimated reading time":"1 minute"},"schema":{"@context":"https:\/\/schema.org","@graph":[{"@type":"Article","@id":"http:\/\/erik-marquardt.eu\/en\/news-from-the-borders-2024-04-19\/#article","isPartOf":{"@id":"http:\/\/erik-marquardt.eu\/en\/news-from-the-borders-2024-04-19\/"},"author":{"name":"Erik Marquardt","@id":"http:\/\/erik-marquardt.eu\/#\/schema\/person\/ae6a90f9433e208a6be9ba844e6cff23"},"headline":"News from the Borders 19.04.2024","datePublished":"2024-04-19T07:00:00+00:00","dateModified":"2025-12-31T01:34:33+00:00","mainEntityOfPage":{"@id":"http:\/\/erik-marquardt.eu\/en\/news-from-the-borders-2024-04-19\/"},"wordCount":146,"publisher":{"@id":"http:\/\/erik-marquardt.eu\/#\/schema\/person\/ae6a90f9433e208a6be9ba844e6cff23"},"image":{"@id":"http:\/\/erik-marquardt.eu\/en\/news-from-the-borders-2024-04-19\/#primaryimage"},"thumbnailUrl":"http:\/\/erik-marquardt.eu\/wp-content\/uploads\/2017\/12\/Balkanroute2015-7985.jpg","articleSection":["News from the Borders"],"inLanguage":"en-GB"},{"@type":"WebPage","@id":"http:\/\/erik-marquardt.eu\/en\/news-from-the-borders-2024-04-19\/","url":"http:\/\/erik-marquardt.eu\/en\/news-from-the-borders-2024-04-19\/","name":"News from the Borders 19.04.2024 - Erik Marquardt","isPartOf":{"@id":"http:\/\/erik-marquardt.eu\/#website"},"primaryImageOfPage":{"@id":"http:\/\/erik-marquardt.eu\/en\/news-from-the-borders-2024-04-19\/#primaryimage"},"image":{"@id":"http:\/\/erik-marquardt.eu\/en\/news-from-the-borders-2024-04-19\/#primaryimage"},"thumbnailUrl":"http:\/\/erik-marquardt.eu\/wp-content\/uploads\/2017\/12\/Balkanroute2015-7985.jpg","datePublished":"2024-04-19T07:00:00+00:00","dateModified":"2025-12-31T01:34:33+00:00","breadcrumb":{"@id":"http:\/\/erik-marquardt.eu\/en\/news-from-the-borders-2024-04-19\/#breadcrumb"},"inLanguage":"en-GB","potentialAction":[{"@type":"ReadAction","target":["http:\/\/erik-marquardt.eu\/en\/news-from-the-borders-2024-04-19\/"]}]},{"@type":"ImageObject","inLanguage":"en-GB","@id":"http:\/\/erik-marquardt.eu\/en\/news-from-the-borders-2024-04-19\/#primaryimage","url":"http:\/\/erik-marquardt.eu\/wp-content\/uploads\/2017\/12\/Balkanroute2015-7985.jpg","contentUrl":"http:\/\/erik-marquardt.eu\/wp-content\/uploads\/2017\/12\/Balkanroute2015-7985.jpg","width":1860,"height":1240,"caption":"Foto: Erik Marquardt"},{"@type":"BreadcrumbList","@id":"http:\/\/erik-marquardt.eu\/en\/news-from-the-borders-2024-04-19\/#breadcrumb","itemListElement":[{"@type":"ListItem","position":1,"name":"Startseite","item":"http:\/\/erik-marquardt.eu\/"},{"@type":"ListItem","position":2,"name":"News from the Borders 19.04.2024"}]},{"@type":"WebSite","@id":"http:\/\/erik-marquardt.eu\/#website","url":"http:\/\/erik-marquardt.eu\/","name":"Erik Marquardt","description":"Member of the European Parliament","publisher":{"@id":"http:\/\/erik-marquardt.eu\/#\/schema\/person\/ae6a90f9433e208a6be9ba844e6cff23"},"potentialAction":[{"@type":"SearchAction","target":{"@type":"EntryPoint","urlTemplate":"http:\/\/erik-marquardt.eu\/?s={search_term_string}"},"query-input":{"@type":"PropertyValueSpecification","valueRequired":true,"valueName":"search_term_string"}}],"inLanguage":"en-GB"},{"@type":["Person","Organization"],"@id":"http:\/\/erik-marquardt.eu\/#\/schema\/person\/ae6a90f9433e208a6be9ba844e6cff23","name":"Erik Marquardt","image":{"@type":"ImageObject","inLanguage":"en-GB","@id":"http:\/\/erik-marquardt.eu\/wp-content\/uploads\/2025\/12\/erik-markquardt_combined-logo_same-size.svg","url":"http:\/\/erik-marquardt.eu\/wp-content\/uploads\/2025\/12\/erik-markquardt_combined-logo_same-size.svg","contentUrl":"http:\/\/erik-marquardt.eu\/wp-content\/uploads\/2025\/12\/erik-markquardt_combined-logo_same-size.svg","width":370,"height":123,"caption":"Erik Marquardt"},"logo":{"@id":"http:\/\/erik-marquardt.eu\/wp-content\/uploads\/2025\/12\/erik-markquardt_combined-logo_same-size.svg"}}]}},"featured_image_src":"http:\/\/erik-marquardt.eu\/wp-content\/uploads\/2017\/12\/Balkanroute2015-7985.jpg","featured_image_src_square":"http:\/\/erik-marquardt.eu\/wp-content\/uploads\/2017\/12\/Balkanroute2015-7985.jpg","author_info":{"display_name":"Erik Marquardt","author_link":"http:\/\/erik-marquardt.eu\/en\/author\/erik\/"},"jetpack_featured_media_url":"http:\/\/erik-marquardt.eu\/wp-content\/uploads\/2017\/12\/Balkanroute2015-7985.jpg","jetpack_sharing_enabled":true,"_links":{"self":[{"href":"http:\/\/erik-marquardt.eu\/en\/wp-json\/wp\/v2\/posts\/10046","targetHints":{"allow":["GET"]}}],"collection":[{"href":"http:\/\/erik-marquardt.eu\/en\/wp-json\/wp\/v2\/posts"}],"about":[{"href":"http:\/\/erik-marquardt.eu\/en\/wp-json\/wp\/v2\/types\/post"}],"author":[{"embeddable":true,"href":"http:\/\/erik-marquardt.eu\/en\/wp-json\/wp\/v2\/users\/2"}],"replies":[{"embeddable":true,"href":"http:\/\/erik-marquardt.eu\/en\/wp-json\/wp\/v2\/comments?post=10046"}],"version-history":[{"count":1,"href":"http:\/\/erik-marquardt.eu\/en\/wp-json\/wp\/v2\/posts\/10046\/revisions"}],"predecessor-version":[{"id":10125,"href":"http:\/\/erik-marquardt.eu\/en\/wp-json\/wp\/v2\/posts\/10046\/revisions\/10125"}],"wp:featuredmedia":[{"embeddable":true,"href":"http:\/\/erik-marquardt.eu\/en\/wp-json\/wp\/v2\/media\/284"}],"wp:attachment":[{"href":"http:\/\/erik-marquardt.eu\/en\/wp-json\/wp\/v2\/media?parent=10046"}],"wp:term":[{"taxonomy":"category","embeddable":true,"href":"http:\/\/erik-marquardt.eu\/en\/wp-json\/wp\/v2\/categories?post=10046"},{"taxonomy":"post_tag","embeddable":true,"href":"http:\/\/erik-marquardt.eu\/en\/wp-json\/wp\/v2\/tags?post=10046"}],"curies":[{"name":"wp","href":"https:\/\/api.w.org\/{rel}","templated":true}]}}